{"id":143,"date":"2012-10-16T05:43:48","date_gmt":"2012-10-16T05:43:48","guid":{"rendered":"http:\/\/danemo.com\/?p=143"},"modified":"2013-01-12T17:47:29","modified_gmt":"2013-01-12T17:47:29","slug":"test","status":"publish","type":"post","link":"https:\/\/danemo.com\/?p=143","title":{"rendered":"Krister Jonsson Trio + Svante Henryson och Troms\u00f8 Kammerorkester"},"content":{"rendered":"<p style=\"text-align: center;\"><img loading=\"lazy\" decoding=\"async\" class=\"ngg-singlepic ngg-none aligncenter\" alt=\"kjt-s-2086\" src=\"http:\/\/danemo.com\/wp-content\/gallery\/grupper-musiker\/kjt-s-2086.jpg\" width=\"640\" height=\"427\" \/><\/p>\n<p>I november kommer Krister Jonsson Trio + Svante Henryson, med <a title=\"Jonas Nydesj\u00f6\" href=\"http:\/\/www.jonasnydesjo.com\" target=\"_blank\">Jonas Nydesj\u00f6<\/a> som dirigent, att g\u00f6ra ett projekt tillsammans med <a title=\"Troms\u00f8 Kammarorkester\" href=\"http:\/\/noso.no\/no\/om-oss\/tromsoe-kammerorkester\" target=\"_blank\">Troms\u00f8 Kammarorkester<\/a>. <!--more-->Projektet \u00e4r baserad p\u00e5 Kristers musik. Krister, Svante, Jonas och jag har skrivit alla arrangemang. Det blir tre dagars repetitioner och en konsert. <a title=\"Krister Jonsson Trio + Svante Henryson Troms\u00f6\" href=\"http:\/\/noso.no\/no\/konserter\/alle-konserter\/crossover-svante-henryson-krister-jonsson-trio-tromsoe-kammerorkester\" target=\"_blank\">H\u00e4r<\/a> kan ni l\u00e4sa om arrangemanget. NRK \u00e4r d\u00e4r och spelar in konserten f\u00f6r framtida radios\u00e4ndning.<\/p>\n<p>Krister Jonsson Trio + Svante Henryson<br \/>\n<a title=\"Krister Jonsson\" href=\"http:\/\/www.kristerjonsson.net\" target=\"_blank\">Krister Jonsson<\/a> &#8211; gitarr<br \/>\n<a title=\"Svante Henryson\" href=\"http:\/\/www.henryson.net\" target=\"_blank\">Svante Henryson<\/a> &#8211; cello<br \/>\n<a title=\"Dan Berglund-Tonbruket\" href=\"http:\/\/www.tonbruket.com\/\" target=\"_blank\">Dan Berglund<\/a> &#8211; bas<br \/>\nPeter Danemo &#8211; trummor<\/p>\n<p>P\u00e5 Spotify g\u00e5r det att lyssna p\u00e5 CD;n Waiting For Atonesjka om ni inte har m\u00f6jlighet att ta er \u00e4nda till Troms\u00f8.<\/p>\n","protected":false},"excerpt":{"rendered":"<p>I november kommer Krister Jonsson Trio + Svante Henryson, med Jonas Nydesj\u00f6 som dirigent, att g\u00f6ra ett projekt tillsammans med Troms\u00f8 Kammarorkester. <\/p>\n","protected":false},"author":1,"featured_media":0,"comment_status":"closed","ping_status":"closed","sticky":false,"template":"","format":"standard","meta":{"footnotes":""},"categories":[1],"tags":[],"class_list":["post-143","post","type-post","status-publish","format-standard","hentry","category-uncategorized"],"_links":{"self":[{"href":"https:\/\/danemo.com\/index.php?rest_route=\/wp\/v2\/posts\/143","targetHints":{"allow":["GET"]}}],"collection":[{"href":"https:\/\/danemo.com\/index.php?rest_route=\/wp\/v2\/posts"}],"about":[{"href":"https:\/\/danemo.com\/index.php?rest_route=\/wp\/v2\/types\/post"}],"author":[{"embeddable":true,"href":"https:\/\/danemo.com\/index.php?rest_route=\/wp\/v2\/users\/1"}],"replies":[{"embeddable":true,"href":"https:\/\/danemo.com\/index.php?rest_route=%2Fwp%2Fv2%2Fcomments&post=143"}],"version-history":[{"count":24,"href":"https:\/\/danemo.com\/index.php?rest_route=\/wp\/v2\/posts\/143\/revisions"}],"predecessor-version":[{"id":145,"href":"https:\/\/danemo.com\/index.php?rest_route=\/wp\/v2\/posts\/143\/revisions\/145"}],"wp:attachment":[{"href":"https:\/\/danemo.com\/index.php?rest_route=%2Fwp%2Fv2%2Fmedia&parent=143"}],"wp:term":[{"taxonomy":"category","embeddable":true,"href":"https:\/\/danemo.com\/index.php?rest_route=%2Fwp%2Fv2%2Fcategories&post=143"},{"taxonomy":"post_tag","embeddable":true,"href":"https:\/\/danemo.com\/index.php?rest_route=%2Fwp%2Fv2%2Ftags&post=143"}],"curies":[{"name":"wp","href":"https:\/\/api.w.org\/{rel}","templated":true}]}}