{"id":1202,"date":"2013-10-14T08:11:53","date_gmt":"2013-10-14T08:11:53","guid":{"rendered":"http:\/\/danemo.com\/?p=1202"},"modified":"2013-11-09T10:28:03","modified_gmt":"2013-11-09T10:28:03","slug":"peter-danemo-slapper-ny-cd-pa-kopasetic-2","status":"publish","type":"post","link":"https:\/\/danemo.com\/?p=1202","title":{"rendered":"Peter Danemo sl\u00e4pper ny CD!"},"content":{"rendered":"<p><img loading=\"lazy\" decoding=\"async\" class=\"size-full wp-image-953 alignnone\" alt=\"Peter_Danemo_150x150\" src=\"http:\/\/danemo.com\/wp-content\/uploads\/2012\/10\/Peter_Danemo_150x150-e1381820346234.jpg\" width=\"300\" height=\"300\" \/><\/p>\n<p><b>Ny CD fr\u00e5n Kopasetic Productions\u00a0<\/b><b><a title=\"Kopasetic\" href=\"http:\/\/www.kopasetic.se\" target=\"_blank\">www.kopasetic.se<br \/>\n<\/a>Realeasedatum 2013-11-11<!--more--><\/b><\/p>\n<p><b><img loading=\"lazy\" decoding=\"async\" class=\" wp-image-1200 alignleft\" alt=\"pd-auguelli\" src=\"http:\/\/danemo.com\/wp-content\/uploads\/ngg_featured\/pd-auguelli.jpg\" width=\"336\" height=\"239\" srcset=\"https:\/\/danemo.com\/wp-content\/uploads\/ngg_featured\/pd-auguelli.jpg 800w, https:\/\/danemo.com\/wp-content\/uploads\/ngg_featured\/pd-auguelli-300x213.jpg 300w\" sizes=\"auto, (max-width: 336px) 100vw, 336px\" \/><\/b>Den st\u00e4ndigt nyfikne och kreative trumslagaren och komposit\u00f6ren Peter Danemo \u00e4r tillbaka med en ny CD. Efter stora kritikerframg\u00e5ngar med Lundin Danemo Kvintett och\u00a0LED, (Danemos f\u00e4rgstarka tolkningar av Led Zeppelins musik), har han samlat en skara mycket personliga och starka musikaliska r\u00f6ster p\u00e5 denna inspelning.<br \/>\nLyssna p\u00e5 ett par sp\u00e5r p\u00e5 \u00a0<a title=\"Soundcloud\" href=\"https:\/\/soundcloud.com\/danemore\/sets\/peter-danemo\" target=\"_blank\"><img loading=\"lazy\" decoding=\"async\" alt=\"80x50_orange\" src=\"http:\/\/danemo.com\/wp-content\/uploads\/2012\/10\/80x50_orange.png\" width=\"34\" height=\"21\" \/><\/a><\/p>\n<p>Den musikaliska v\u00e4rld Peter Danemo m\u00e5lar upp \u00e4r\u00a0rik, v\u00e4l sammanh\u00e5llen och koncentrerad. Tillsammans med en lyh\u00f6rd och initiativrik orkester \u00e4r det en fascinerande resa man som lyssnare bjuds p\u00e5. Klangen i musiken och orkestern \u00e4r fyllig och varm. N\u00e4rvaron \u00e4r total och skapar en speciell intensitet som \u00e4r b\u00e5de t\u00e4t och luftig p\u00e5 samma g\u00e5ng. Detta \u00e4r musik som vilar i gl\u00e4djen \u00f6ver det som skapas tillsammans.<\/p>\n<p><b>Musiker<br \/>\n<\/b><b>Staffan Svensson<\/b>\u00a0\u2013 trumpet<br \/>\n<b>Mats \u00c4leklint<\/b>\u00a0\u2013 trombon<br \/>\n<b>Karl-Martin Almqvist<\/b>\u00a0\u2013 tenor och altsaxofon<br \/>\n<b>Alberto Pinton<\/b>\u00a0\u2013 barytonsaxofon, klarinett och fl\u00f6jt<br \/>\n<b>Per-\u00c5ke Holmlander<\/b>\u00a0\u2013 tuba<br \/>\n<b>David Stacken\u00e4s<\/b>\u00a0\u2013 akustisk gitarr och preparering<br \/>\n<b>Thomas Eby<\/b>\u00a0\u2013 percussion<br \/>\n<b>Lisbeth Diers<\/b>\u00a0\u2013 percussion och s\u00e5ng<br \/>\n<b>Peter Danemo<\/b>\u00a0\u2013 trummor, percussion och elektronik<\/p>\n<p><b><i>I studion.<br \/>\n<\/i><\/b><i>Det \u00e4r den 14 januari 2011. Jag befinner mig i den legendariska Atlantis studio i Stockholm. Klockan \u00e4r 9.30. En slags l\u00e5gintensiv aktivitet p\u00e5g\u00e5r. N\u00e5gra v\u00e4rmer upp, n\u00e5gon tittar igenom sina noter och dricker en kopp kaffe. Det sm\u00e5pratas och sk\u00e4mtas. Det mesta b\u00f6rjar vara p\u00e5 plats. Vi g\u00f6r en kort soundcheck. Jag tittar ut \u00f6ver studio-rummet. Pl\u00f6tsligt sl\u00e5r det mig.<\/i><\/p>\n<p><i>Musikerna som varit s\u00e5 n\u00e4rvarande i mina tankar n\u00e4r jag komponerat musiken har jag nu framf\u00f6r mig. Allt arbete har lett fram till denna punkt.<\/i><\/p>\n<p><i>Nu \u00e4r vi h\u00e4r. Det \u00e4r nu det ska ske. Vi har repeterat ett par dagar. Alla \u00e4r bekanta och trygga med det noterade. V\u00e4gen och utrymmet d\u00e4r emellan vet vi v\u00e4ldigt lite om. Jag tittar ut \u00f6ver rummet igen och l\u00e5ter mig fyllas av den lugna koncentration som sakta breder ut sig. Jag tar ett djupt andetag. Musiken f\u00e5r ta den v\u00e4g den vill. Nu \u00e5ker vi!<br \/>\n<\/i><i>\/Peter Danemo oktober 2013<\/i><\/p>\n<p><b>Om Kopasetic:<br \/>\n<\/b>Kopasetic Productions \u00e4r ett oberoende musikerdrivet produktions- och skivbolag med fokus p\u00e5 jazz och improviserad musik. Bolaget, som har sin bas i Malm\u00f6\/Lund-omr\u00e5det, bildades 2003 av medlemmarna i Cennet J\u00f6nsson Quartet och Plunge och har dryga 40-talet CD i sin katalog.<\/p>\n<p>Distribution:\u00a0<a title=\"Plugged\" href=\"http:\/\/www.plugged.se\" target=\"_blank\"><b>www.plugged.se<\/b><\/a><\/p>\n","protected":false},"excerpt":{"rendered":"<p>Ny CD fr\u00e5n Kopasetic Productions\u00a0www.kopasetic.se Realeasedatum 2013-11-11<\/p>\n","protected":false},"author":1,"featured_media":0,"comment_status":"closed","ping_status":"closed","sticky":false,"template":"","format":"standard","meta":{"footnotes":""},"categories":[1],"tags":[],"class_list":["post-1202","post","type-post","status-publish","format-standard","hentry","category-uncategorized"],"_links":{"self":[{"href":"https:\/\/danemo.com\/index.php?rest_route=\/wp\/v2\/posts\/1202","targetHints":{"allow":["GET"]}}],"collection":[{"href":"https:\/\/danemo.com\/index.php?rest_route=\/wp\/v2\/posts"}],"about":[{"href":"https:\/\/danemo.com\/index.php?rest_route=\/wp\/v2\/types\/post"}],"author":[{"embeddable":true,"href":"https:\/\/danemo.com\/index.php?rest_route=\/wp\/v2\/users\/1"}],"replies":[{"embeddable":true,"href":"https:\/\/danemo.com\/index.php?rest_route=%2Fwp%2Fv2%2Fcomments&post=1202"}],"version-history":[{"count":10,"href":"https:\/\/danemo.com\/index.php?rest_route=\/wp\/v2\/posts\/1202\/revisions"}],"predecessor-version":[{"id":1287,"href":"https:\/\/danemo.com\/index.php?rest_route=\/wp\/v2\/posts\/1202\/revisions\/1287"}],"wp:attachment":[{"href":"https:\/\/danemo.com\/index.php?rest_route=%2Fwp%2Fv2%2Fmedia&parent=1202"}],"wp:term":[{"taxonomy":"category","embeddable":true,"href":"https:\/\/danemo.com\/index.php?rest_route=%2Fwp%2Fv2%2Fcategories&post=1202"},{"taxonomy":"post_tag","embeddable":true,"href":"https:\/\/danemo.com\/index.php?rest_route=%2Fwp%2Fv2%2Ftags&post=1202"}],"curies":[{"name":"wp","href":"https:\/\/api.w.org\/{rel}","templated":true}]}}